{"id":5645,"date":"2024-01-02T09:44:00","date_gmt":"2024-01-02T08:44:00","guid":{"rendered":"https:\/\/www.armadamobility.nl\/neues-bahnhofsmobiliar-fuer-die-deutsche-bahn\/"},"modified":"2025-03-12T14:58:49","modified_gmt":"2025-03-12T13:58:49","slug":"neues-bahnhofsmobiliar-fuer-die-deutsche-bahn","status":"publish","type":"post","link":"https:\/\/www.armadamobility.nl\/de\/neues-bahnhofsmobiliar-fuer-die-deutsche-bahn\/","title":{"rendered":"Neues Bahnhofs\u00admobiliar f\u00fcr die Deutsche Bahn"},"content":{"rendered":"\t\t<div data-elementor-type=\"wp-post\" data-elementor-id=\"5645\" class=\"elementor elementor-5645 elementor-2527\" data-elementor-post-type=\"post\">\n\t\t\t\t<div class=\"elementor-element elementor-element-935c177 e-con-full e-flex e-con e-parent\" data-id=\"935c177\" data-element_type=\"container\" data-e-type=\"container\" data-settings=\"{&quot;jet_parallax_layout_list&quot;:[]}\">\n\t\t<div class=\"elementor-element elementor-element-8ef9fb7 e-con-full e-flex e-con e-child\" data-id=\"8ef9fb7\" data-element_type=\"container\" data-e-type=\"container\" data-settings=\"{&quot;jet_parallax_layout_list&quot;:[]}\">\n\t\t\t\t<div class=\"elementor-element elementor-element-43ff9e8 elementor-widget__width-initial elementor-widget elementor-widget-heading\" data-id=\"43ff9e8\" data-element_type=\"widget\" data-e-type=\"widget\" data-widget_type=\"heading.default\">\n\t\t\t\t<div class=\"elementor-widget-container\">\n\t\t\t\t\t<h3 class=\"elementor-heading-title elementor-size-default\">\"Prestigieuze samenwerking: Armada Mobility is raam-overeenkomstpartner geworden van Deutsche Bahn \"<\/h3>\t\t\t\t<\/div>\n\t\t\t\t<\/div>\n\t\t\t\t<div class=\"elementor-element elementor-element-037e648 elementor-widget__width-initial elementor-widget elementor-widget-text-editor\" data-id=\"037e648\" data-element_type=\"widget\" data-e-type=\"widget\" data-widget_type=\"text-editor.default\">\n\t\t\t\t<div class=\"elementor-widget-container\">\n\t\t\t\t\t\t\t\t\t<p>Die Deutsche Bahn wird in den kommenden Jahren viele Bahnh\u00f6fe erneuern oder renovieren. Ein Bestandteil dieses Projekts ist auch die Erneuerung der Bahnhofs\u00adm\u00f6blierung. Armada Mobility ist stolz darauf, Teil dieses prestigetr\u00e4chtigen Projekts zu sein. In den n\u00e4chsten vier Jahren wird Armada Mobility die gesamte Calidum-Produktfamilie an die <a href=\"https:\/\/www.linkedin.com\/company\/deutschebahn\/\">Deutsche Bahn<\/a> liefern.    &nbsp;<\/p>\n\t\t\t\t\t\t\t\t<\/div>\n\t\t\t\t<\/div>\n\t\t\t\t<div class=\"elementor-element elementor-element-f11abe4 elementor-widget__width-inherit elementor-widget elementor-widget-image\" data-id=\"f11abe4\" data-element_type=\"widget\" data-e-type=\"widget\" data-widget_type=\"image.default\">\n\t\t\t\t<div class=\"elementor-widget-container\">\n\t\t\t\t\t\t\t\t\t\t\t\t\t\t\t<img fetchpriority=\"high\" decoding=\"async\" width=\"1536\" height=\"1344\" src=\"https:\/\/www.armadamobility.nl\/wp-content\/uploads\/2024\/01\/poefs.jpg\" class=\"attachment-full size-full wp-image-6017\" alt=\"\" srcset=\"https:\/\/www.armadamobility.nl\/wp-content\/uploads\/2024\/01\/poefs.jpg 1536w, https:\/\/www.armadamobility.nl\/wp-content\/uploads\/2024\/01\/poefs-300x263.jpg 300w, https:\/\/www.armadamobility.nl\/wp-content\/uploads\/2024\/01\/poefs-1024x896.jpg 1024w, https:\/\/www.armadamobility.nl\/wp-content\/uploads\/2024\/01\/poefs-768x672.jpg 768w\" sizes=\"(max-width: 1536px) 100vw, 1536px\" \/>\t\t\t\t\t\t\t\t\t\t\t\t\t\t\t<\/div>\n\t\t\t\t<\/div>\n\t\t\t\t<\/div>\n\t\t\t\t<\/div>\n\t\t\t\t<\/div>\n\t\t","protected":false},"excerpt":{"rendered":"<p>Mit \u00fcber 60 Jahren Erfahrung ist Armada Mobility der Partner f\u00fcr \u00f6ffentliche Einrichtungen und Schieneninfrastruktur. Wir sind bekannt f\u00fcr unsere Qualit\u00e4t und unsere kundenorientierte Herangehensweise. <\/p>\n","protected":false},"author":1,"featured_media":6462,"comment_status":"open","ping_status":"open","sticky":true,"template":"","format":"standard","meta":{"footnotes":""},"categories":[22],"tags":[],"class_list":["post-5645","post","type-post","status-publish","format-standard","has-post-thumbnail","hentry","category-unkategorisiert"],"yoast_head":"<!-- This site is optimized with the Yoast SEO plugin v27.3 - https:\/\/yoast.com\/product\/yoast-seo-wordpress\/ -->\n<title>Neues Bahnhofs\u00admobiliar f\u00fcr die Deutsche Bahn | Armada Mobility<\/title>\n<meta name=\"robots\" content=\"index, follow, max-snippet:-1, max-image-preview:large, max-video-preview:-1\" \/>\n<link rel=\"canonical\" href=\"https:\/\/www.armadamobility.nl\/de\/neues-bahnhofsmobiliar-fuer-die-deutsche-bahn\/\" \/>\n<meta property=\"og:locale\" content=\"de_DE\" \/>\n<meta property=\"og:type\" content=\"article\" \/>\n<meta property=\"og:title\" content=\"Neues Bahnhofs\u00admobiliar f\u00fcr die Deutsche Bahn | Armada Mobility\" \/>\n<meta property=\"og:description\" content=\"Mit \u00fcber 60 Jahren Erfahrung ist Armada Mobility der Partner f\u00fcr \u00f6ffentliche Einrichtungen und Schieneninfrastruktur. Wir sind bekannt f\u00fcr unsere Qualit\u00e4t und unsere kundenorientierte Herangehensweise.\" \/>\n<meta property=\"og:url\" content=\"https:\/\/www.armadamobility.nl\/de\/neues-bahnhofsmobiliar-fuer-die-deutsche-bahn\/\" \/>\n<meta property=\"og:site_name\" content=\"Armada Mobility\" \/>\n<meta property=\"article:published_time\" content=\"2024-01-02T08:44:00+00:00\" \/>\n<meta property=\"article:modified_time\" content=\"2025-03-12T13:58:49+00:00\" \/>\n<meta property=\"og:image\" content=\"https:\/\/www.armadamobility.nl\/wp-content\/uploads\/2025\/05\/ChatGPT-Image-28-mrt-2025-12_45_55-1024x683.png\" \/>\n\t<meta property=\"og:image:width\" content=\"1024\" \/>\n\t<meta property=\"og:image:height\" content=\"683\" \/>\n\t<meta property=\"og:image:type\" content=\"image\/png\" \/>\n<meta name=\"author\" content=\"admin\" \/>\n<meta name=\"twitter:card\" content=\"summary_large_image\" \/>\n<meta name=\"twitter:label1\" content=\"Verfasst von\" \/>\n\t<meta name=\"twitter:data1\" content=\"admin\" \/>\n\t<meta name=\"twitter:label2\" content=\"Gesch\u00e4tzte Lesezeit\" \/>\n\t<meta name=\"twitter:data2\" content=\"1\u00a0Minute\" \/>\n<script type=\"application\/ld+json\" class=\"yoast-schema-graph\">{\"@context\":\"https:\\\/\\\/schema.org\",\"@graph\":[{\"@type\":\"Article\",\"@id\":\"https:\\\/\\\/www.armadamobility.nl\\\/de\\\/neues-bahnhofsmobiliar-fuer-die-deutsche-bahn\\\/#article\",\"isPartOf\":{\"@id\":\"https:\\\/\\\/www.armadamobility.nl\\\/de\\\/neues-bahnhofsmobiliar-fuer-die-deutsche-bahn\\\/\"},\"author\":{\"name\":\"admin\",\"@id\":\"https:\\\/\\\/www.armadamobility.nl\\\/#\\\/schema\\\/person\\\/6e2846b872fe70c830f09e69fabbb8ab\"},\"headline\":\"Neues Bahnhofs\u00admobiliar f\u00fcr die Deutsche Bahn\",\"datePublished\":\"2024-01-02T08:44:00+00:00\",\"dateModified\":\"2025-03-12T13:58:49+00:00\",\"mainEntityOfPage\":{\"@id\":\"https:\\\/\\\/www.armadamobility.nl\\\/de\\\/neues-bahnhofsmobiliar-fuer-die-deutsche-bahn\\\/\"},\"wordCount\":74,\"commentCount\":0,\"publisher\":{\"@id\":\"https:\\\/\\\/www.armadamobility.nl\\\/#organization\"},\"image\":{\"@id\":\"https:\\\/\\\/www.armadamobility.nl\\\/de\\\/neues-bahnhofsmobiliar-fuer-die-deutsche-bahn\\\/#primaryimage\"},\"thumbnailUrl\":\"https:\\\/\\\/www.armadamobility.nl\\\/wp-content\\\/uploads\\\/2025\\\/10\\\/redesign.jpg\",\"articleSection\":[\"Unkategorisiert\"],\"inLanguage\":\"de\",\"potentialAction\":[{\"@type\":\"CommentAction\",\"name\":\"Comment\",\"target\":[\"https:\\\/\\\/www.armadamobility.nl\\\/de\\\/neues-bahnhofsmobiliar-fuer-die-deutsche-bahn\\\/#respond\"]}]},{\"@type\":\"WebPage\",\"@id\":\"https:\\\/\\\/www.armadamobility.nl\\\/de\\\/neues-bahnhofsmobiliar-fuer-die-deutsche-bahn\\\/\",\"url\":\"https:\\\/\\\/www.armadamobility.nl\\\/de\\\/neues-bahnhofsmobiliar-fuer-die-deutsche-bahn\\\/\",\"name\":\"Neues Bahnhofs\u00admobiliar f\u00fcr die Deutsche Bahn | Armada Mobility\",\"isPartOf\":{\"@id\":\"https:\\\/\\\/www.armadamobility.nl\\\/#website\"},\"primaryImageOfPage\":{\"@id\":\"https:\\\/\\\/www.armadamobility.nl\\\/de\\\/neues-bahnhofsmobiliar-fuer-die-deutsche-bahn\\\/#primaryimage\"},\"image\":{\"@id\":\"https:\\\/\\\/www.armadamobility.nl\\\/de\\\/neues-bahnhofsmobiliar-fuer-die-deutsche-bahn\\\/#primaryimage\"},\"thumbnailUrl\":\"https:\\\/\\\/www.armadamobility.nl\\\/wp-content\\\/uploads\\\/2025\\\/10\\\/redesign.jpg\",\"datePublished\":\"2024-01-02T08:44:00+00:00\",\"dateModified\":\"2025-03-12T13:58:49+00:00\",\"breadcrumb\":{\"@id\":\"https:\\\/\\\/www.armadamobility.nl\\\/de\\\/neues-bahnhofsmobiliar-fuer-die-deutsche-bahn\\\/#breadcrumb\"},\"inLanguage\":\"de\",\"potentialAction\":[{\"@type\":\"ReadAction\",\"target\":[\"https:\\\/\\\/www.armadamobility.nl\\\/de\\\/neues-bahnhofsmobiliar-fuer-die-deutsche-bahn\\\/\"]}]},{\"@type\":\"ImageObject\",\"inLanguage\":\"de\",\"@id\":\"https:\\\/\\\/www.armadamobility.nl\\\/de\\\/neues-bahnhofsmobiliar-fuer-die-deutsche-bahn\\\/#primaryimage\",\"url\":\"https:\\\/\\\/www.armadamobility.nl\\\/wp-content\\\/uploads\\\/2025\\\/10\\\/redesign.jpg\",\"contentUrl\":\"https:\\\/\\\/www.armadamobility.nl\\\/wp-content\\\/uploads\\\/2025\\\/10\\\/redesign.jpg\",\"width\":2500,\"height\":1668},{\"@type\":\"BreadcrumbList\",\"@id\":\"https:\\\/\\\/www.armadamobility.nl\\\/de\\\/neues-bahnhofsmobiliar-fuer-die-deutsche-bahn\\\/#breadcrumb\",\"itemListElement\":[{\"@type\":\"ListItem\",\"position\":1,\"name\":\"Home\",\"item\":\"https:\\\/\\\/www.armadamobility.nl\\\/\"},{\"@type\":\"ListItem\",\"position\":2,\"name\":\"Neues Bahnhofs\u00admobiliar f\u00fcr die Deutsche Bahn\"}]},{\"@type\":\"WebSite\",\"@id\":\"https:\\\/\\\/www.armadamobility.nl\\\/#website\",\"url\":\"https:\\\/\\\/www.armadamobility.nl\\\/\",\"name\":\"Armada Mobility\",\"description\":\"Openbare voorzieningen &amp; Rail-Infra\",\"publisher\":{\"@id\":\"https:\\\/\\\/www.armadamobility.nl\\\/#organization\"},\"potentialAction\":[{\"@type\":\"SearchAction\",\"target\":{\"@type\":\"EntryPoint\",\"urlTemplate\":\"https:\\\/\\\/www.armadamobility.nl\\\/?s={search_term_string}\"},\"query-input\":{\"@type\":\"PropertyValueSpecification\",\"valueRequired\":true,\"valueName\":\"search_term_string\"}}],\"inLanguage\":\"de\"},{\"@type\":\"Organization\",\"@id\":\"https:\\\/\\\/www.armadamobility.nl\\\/#organization\",\"name\":\"Armada Mobility B.V.\",\"url\":\"https:\\\/\\\/www.armadamobility.nl\\\/\",\"logo\":{\"@type\":\"ImageObject\",\"inLanguage\":\"de\",\"@id\":\"https:\\\/\\\/www.armadamobility.nl\\\/#\\\/schema\\\/logo\\\/image\\\/\",\"url\":\"https:\\\/\\\/www.armadamobility.nl\\\/wp-content\\\/uploads\\\/2024\\\/09\\\/Logo-armada-mobility.svg\",\"contentUrl\":\"https:\\\/\\\/www.armadamobility.nl\\\/wp-content\\\/uploads\\\/2024\\\/09\\\/Logo-armada-mobility.svg\",\"width\":1699.5,\"height\":303.8,\"caption\":\"Armada Mobility B.V.\"},\"image\":{\"@id\":\"https:\\\/\\\/www.armadamobility.nl\\\/#\\\/schema\\\/logo\\\/image\\\/\"}},{\"@type\":\"Person\",\"@id\":\"https:\\\/\\\/www.armadamobility.nl\\\/#\\\/schema\\\/person\\\/6e2846b872fe70c830f09e69fabbb8ab\",\"name\":\"admin\",\"image\":{\"@type\":\"ImageObject\",\"inLanguage\":\"de\",\"@id\":\"https:\\\/\\\/secure.gravatar.com\\\/avatar\\\/89678fd4d80d07bdbb88e12e8c74a03abf959cfcef5c09cd39965681874e4cae?s=96&d=mm&r=g\",\"url\":\"https:\\\/\\\/secure.gravatar.com\\\/avatar\\\/89678fd4d80d07bdbb88e12e8c74a03abf959cfcef5c09cd39965681874e4cae?s=96&d=mm&r=g\",\"contentUrl\":\"https:\\\/\\\/secure.gravatar.com\\\/avatar\\\/89678fd4d80d07bdbb88e12e8c74a03abf959cfcef5c09cd39965681874e4cae?s=96&d=mm&r=g\",\"caption\":\"admin\"},\"sameAs\":[\"https:\\\/\\\/www.armadamobility.nl\"],\"url\":\"https:\\\/\\\/www.armadamobility.nl\\\/de\\\/author\\\/admin\\\/\"}]}<\/script>\n<!-- \/ Yoast SEO plugin. -->","yoast_head_json":{"title":"Neues Bahnhofs\u00admobiliar f\u00fcr die Deutsche Bahn | Armada Mobility","robots":{"index":"index","follow":"follow","max-snippet":"max-snippet:-1","max-image-preview":"max-image-preview:large","max-video-preview":"max-video-preview:-1"},"canonical":"https:\/\/www.armadamobility.nl\/de\/neues-bahnhofsmobiliar-fuer-die-deutsche-bahn\/","og_locale":"de_DE","og_type":"article","og_title":"Neues Bahnhofs\u00admobiliar f\u00fcr die Deutsche Bahn | Armada Mobility","og_description":"Mit \u00fcber 60 Jahren Erfahrung ist Armada Mobility der Partner f\u00fcr \u00f6ffentliche Einrichtungen und Schieneninfrastruktur. Wir sind bekannt f\u00fcr unsere Qualit\u00e4t und unsere kundenorientierte Herangehensweise.","og_url":"https:\/\/www.armadamobility.nl\/de\/neues-bahnhofsmobiliar-fuer-die-deutsche-bahn\/","og_site_name":"Armada Mobility","article_published_time":"2024-01-02T08:44:00+00:00","article_modified_time":"2025-03-12T13:58:49+00:00","og_image":[{"width":1024,"height":683,"url":"https:\/\/www.armadamobility.nl\/wp-content\/uploads\/2025\/05\/ChatGPT-Image-28-mrt-2025-12_45_55-1024x683.png","type":"image\/png"}],"author":"admin","twitter_card":"summary_large_image","twitter_misc":{"Verfasst von":"admin","Gesch\u00e4tzte Lesezeit":"1\u00a0Minute"},"schema":{"@context":"https:\/\/schema.org","@graph":[{"@type":"Article","@id":"https:\/\/www.armadamobility.nl\/de\/neues-bahnhofsmobiliar-fuer-die-deutsche-bahn\/#article","isPartOf":{"@id":"https:\/\/www.armadamobility.nl\/de\/neues-bahnhofsmobiliar-fuer-die-deutsche-bahn\/"},"author":{"name":"admin","@id":"https:\/\/www.armadamobility.nl\/#\/schema\/person\/6e2846b872fe70c830f09e69fabbb8ab"},"headline":"Neues Bahnhofs\u00admobiliar f\u00fcr die Deutsche Bahn","datePublished":"2024-01-02T08:44:00+00:00","dateModified":"2025-03-12T13:58:49+00:00","mainEntityOfPage":{"@id":"https:\/\/www.armadamobility.nl\/de\/neues-bahnhofsmobiliar-fuer-die-deutsche-bahn\/"},"wordCount":74,"commentCount":0,"publisher":{"@id":"https:\/\/www.armadamobility.nl\/#organization"},"image":{"@id":"https:\/\/www.armadamobility.nl\/de\/neues-bahnhofsmobiliar-fuer-die-deutsche-bahn\/#primaryimage"},"thumbnailUrl":"https:\/\/www.armadamobility.nl\/wp-content\/uploads\/2025\/10\/redesign.jpg","articleSection":["Unkategorisiert"],"inLanguage":"de","potentialAction":[{"@type":"CommentAction","name":"Comment","target":["https:\/\/www.armadamobility.nl\/de\/neues-bahnhofsmobiliar-fuer-die-deutsche-bahn\/#respond"]}]},{"@type":"WebPage","@id":"https:\/\/www.armadamobility.nl\/de\/neues-bahnhofsmobiliar-fuer-die-deutsche-bahn\/","url":"https:\/\/www.armadamobility.nl\/de\/neues-bahnhofsmobiliar-fuer-die-deutsche-bahn\/","name":"Neues Bahnhofs\u00admobiliar f\u00fcr die Deutsche Bahn | Armada Mobility","isPartOf":{"@id":"https:\/\/www.armadamobility.nl\/#website"},"primaryImageOfPage":{"@id":"https:\/\/www.armadamobility.nl\/de\/neues-bahnhofsmobiliar-fuer-die-deutsche-bahn\/#primaryimage"},"image":{"@id":"https:\/\/www.armadamobility.nl\/de\/neues-bahnhofsmobiliar-fuer-die-deutsche-bahn\/#primaryimage"},"thumbnailUrl":"https:\/\/www.armadamobility.nl\/wp-content\/uploads\/2025\/10\/redesign.jpg","datePublished":"2024-01-02T08:44:00+00:00","dateModified":"2025-03-12T13:58:49+00:00","breadcrumb":{"@id":"https:\/\/www.armadamobility.nl\/de\/neues-bahnhofsmobiliar-fuer-die-deutsche-bahn\/#breadcrumb"},"inLanguage":"de","potentialAction":[{"@type":"ReadAction","target":["https:\/\/www.armadamobility.nl\/de\/neues-bahnhofsmobiliar-fuer-die-deutsche-bahn\/"]}]},{"@type":"ImageObject","inLanguage":"de","@id":"https:\/\/www.armadamobility.nl\/de\/neues-bahnhofsmobiliar-fuer-die-deutsche-bahn\/#primaryimage","url":"https:\/\/www.armadamobility.nl\/wp-content\/uploads\/2025\/10\/redesign.jpg","contentUrl":"https:\/\/www.armadamobility.nl\/wp-content\/uploads\/2025\/10\/redesign.jpg","width":2500,"height":1668},{"@type":"BreadcrumbList","@id":"https:\/\/www.armadamobility.nl\/de\/neues-bahnhofsmobiliar-fuer-die-deutsche-bahn\/#breadcrumb","itemListElement":[{"@type":"ListItem","position":1,"name":"Home","item":"https:\/\/www.armadamobility.nl\/"},{"@type":"ListItem","position":2,"name":"Neues Bahnhofs\u00admobiliar f\u00fcr die Deutsche Bahn"}]},{"@type":"WebSite","@id":"https:\/\/www.armadamobility.nl\/#website","url":"https:\/\/www.armadamobility.nl\/","name":"Armada Mobility","description":"Openbare voorzieningen &amp; Rail-Infra","publisher":{"@id":"https:\/\/www.armadamobility.nl\/#organization"},"potentialAction":[{"@type":"SearchAction","target":{"@type":"EntryPoint","urlTemplate":"https:\/\/www.armadamobility.nl\/?s={search_term_string}"},"query-input":{"@type":"PropertyValueSpecification","valueRequired":true,"valueName":"search_term_string"}}],"inLanguage":"de"},{"@type":"Organization","@id":"https:\/\/www.armadamobility.nl\/#organization","name":"Armada Mobility B.V.","url":"https:\/\/www.armadamobility.nl\/","logo":{"@type":"ImageObject","inLanguage":"de","@id":"https:\/\/www.armadamobility.nl\/#\/schema\/logo\/image\/","url":"https:\/\/www.armadamobility.nl\/wp-content\/uploads\/2024\/09\/Logo-armada-mobility.svg","contentUrl":"https:\/\/www.armadamobility.nl\/wp-content\/uploads\/2024\/09\/Logo-armada-mobility.svg","width":1699.5,"height":303.8,"caption":"Armada Mobility B.V."},"image":{"@id":"https:\/\/www.armadamobility.nl\/#\/schema\/logo\/image\/"}},{"@type":"Person","@id":"https:\/\/www.armadamobility.nl\/#\/schema\/person\/6e2846b872fe70c830f09e69fabbb8ab","name":"admin","image":{"@type":"ImageObject","inLanguage":"de","@id":"https:\/\/secure.gravatar.com\/avatar\/89678fd4d80d07bdbb88e12e8c74a03abf959cfcef5c09cd39965681874e4cae?s=96&d=mm&r=g","url":"https:\/\/secure.gravatar.com\/avatar\/89678fd4d80d07bdbb88e12e8c74a03abf959cfcef5c09cd39965681874e4cae?s=96&d=mm&r=g","contentUrl":"https:\/\/secure.gravatar.com\/avatar\/89678fd4d80d07bdbb88e12e8c74a03abf959cfcef5c09cd39965681874e4cae?s=96&d=mm&r=g","caption":"admin"},"sameAs":["https:\/\/www.armadamobility.nl"],"url":"https:\/\/www.armadamobility.nl\/de\/author\/admin\/"}]}},"_links":{"self":[{"href":"https:\/\/www.armadamobility.nl\/de\/wp-json\/wp\/v2\/posts\/5645","targetHints":{"allow":["GET"]}}],"collection":[{"href":"https:\/\/www.armadamobility.nl\/de\/wp-json\/wp\/v2\/posts"}],"about":[{"href":"https:\/\/www.armadamobility.nl\/de\/wp-json\/wp\/v2\/types\/post"}],"author":[{"embeddable":true,"href":"https:\/\/www.armadamobility.nl\/de\/wp-json\/wp\/v2\/users\/1"}],"replies":[{"embeddable":true,"href":"https:\/\/www.armadamobility.nl\/de\/wp-json\/wp\/v2\/comments?post=5645"}],"version-history":[{"count":6,"href":"https:\/\/www.armadamobility.nl\/de\/wp-json\/wp\/v2\/posts\/5645\/revisions"}],"predecessor-version":[{"id":6081,"href":"https:\/\/www.armadamobility.nl\/de\/wp-json\/wp\/v2\/posts\/5645\/revisions\/6081"}],"wp:featuredmedia":[{"embeddable":true,"href":"https:\/\/www.armadamobility.nl\/de\/wp-json\/wp\/v2\/media\/6462"}],"wp:attachment":[{"href":"https:\/\/www.armadamobility.nl\/de\/wp-json\/wp\/v2\/media?parent=5645"}],"wp:term":[{"taxonomy":"category","embeddable":true,"href":"https:\/\/www.armadamobility.nl\/de\/wp-json\/wp\/v2\/categories?post=5645"},{"taxonomy":"post_tag","embeddable":true,"href":"https:\/\/www.armadamobility.nl\/de\/wp-json\/wp\/v2\/tags?post=5645"}],"curies":[{"name":"wp","href":"https:\/\/api.w.org\/{rel}","templated":true}]}}