{"id":4902,"date":"2024-12-20T11:50:00","date_gmt":"2024-12-20T10:50:00","guid":{"rendered":"https:\/\/www.armadamobility.nl\/crowd-kuendigt-stolz-die-uebernahme-von-armada-mobility-bv-an\/"},"modified":"2025-03-12T15:07:09","modified_gmt":"2025-03-12T14:07:09","slug":"crowd-kuendigt-stolz-die-uebernahme-von-armada-mobility-bv-an","status":"publish","type":"post","link":"https:\/\/www.armadamobility.nl\/de\/crowd-kuendigt-stolz-die-uebernahme-von-armada-mobility-bv-an\/","title":{"rendered":"CROWD k\u00fcndigt stolz die \u00dcbernahme von Armada Mobility BV an!"},"content":{"rendered":"\t\t<div data-elementor-type=\"wp-post\" data-elementor-id=\"4902\" class=\"elementor elementor-4902 elementor-239\" data-elementor-post-type=\"post\">\n\t\t\t\t<div class=\"elementor-element elementor-element-935c177 e-flex e-con-boxed e-con e-parent\" data-id=\"935c177\" data-element_type=\"container\" data-e-type=\"container\" data-settings=\"{&quot;jet_parallax_layout_list&quot;:[]}\">\n\t\t\t\t\t<div class=\"e-con-inner\">\n\t\t\t\t<div class=\"elementor-element elementor-element-f11abe4 elementor-widget elementor-widget-image\" data-id=\"f11abe4\" data-element_type=\"widget\" data-e-type=\"widget\" data-widget_type=\"image.default\">\n\t\t\t\t<div class=\"elementor-widget-container\">\n\t\t\t\t\t\t\t\t\t\t\t\t\t\t\t<img fetchpriority=\"high\" decoding=\"async\" width=\"800\" height=\"450\" src=\"https:\/\/www.armadamobility.nl\/wp-content\/uploads\/2024\/12\/Crowd-blog-artikel-thumbnail-1024x576.jpg\" class=\"attachment-large size-large wp-image-4640\" alt=\"\" srcset=\"https:\/\/www.armadamobility.nl\/wp-content\/uploads\/2024\/12\/Crowd-blog-artikel-thumbnail-1024x576.jpg 1024w, https:\/\/www.armadamobility.nl\/wp-content\/uploads\/2024\/12\/Crowd-blog-artikel-thumbnail-300x169.jpg 300w, https:\/\/www.armadamobility.nl\/wp-content\/uploads\/2024\/12\/Crowd-blog-artikel-thumbnail-768x432.jpg 768w, https:\/\/www.armadamobility.nl\/wp-content\/uploads\/2024\/12\/Crowd-blog-artikel-thumbnail.jpg 1280w\" sizes=\"(max-width: 800px) 100vw, 800px\" \/>\t\t\t\t\t\t\t\t\t\t\t\t\t\t\t<\/div>\n\t\t\t\t<\/div>\n\t\t<div class=\"elementor-element elementor-element-8ef9fb7 e-con-full e-flex e-con e-child\" data-id=\"8ef9fb7\" data-element_type=\"container\" data-e-type=\"container\" data-settings=\"{&quot;jet_parallax_layout_list&quot;:[]}\">\n\t\t\t\t<div class=\"elementor-element elementor-element-037e648 elementor-widget__width-initial elementor-widget elementor-widget-text-editor\" data-id=\"037e648\" data-element_type=\"widget\" data-e-type=\"widget\" data-widget_type=\"text-editor.default\">\n\t\t\t\t<div class=\"elementor-widget-container\">\n\t\t\t\t\t\t\t\t\t<p><\/p>\n<p>Seit seiner Gr\u00fcndung im Jahr 2014 wird Creators of the Outside World (CROWD) von dem Engagement angetrieben, \u00f6ffentliche Au\u00dfenr\u00e4ume zu transformieren. Von Anfang an haben wir es uns zum Ziel gesetzt, Menschen zu inspirieren, das Leben im Freien zu genie\u00dfen, und uns als f\u00fchrender Anbieter von Stadtmobiliar, \u00f6ffentlichen Wartehallen und Fahrradparkinfrastruktur in ganz Westeuropa etabliert. <\/p>\n<p><\/p>\n<p>Armada Mobility ist ein vision\u00e4rer Anbieter von L\u00f6sungen f\u00fcr den \u00f6ffentlichen Raum, den \u00f6ffentlichen Nahverkehr und den Schienenverkehr. Das vielf\u00e4ltige Produktportfolio umfasst Fahrgastinformationssysteme, multifunktionale Wartehallen, Fahrradabstellanlagen, Wegleitsysteme an Bahnh\u00f6fen und weiteres Stadtmobiliar, mit einem besonderen Fokus auf Bahnhofs\u00adausstattung, die das Passagiererlebnis verbessert.<br>Neben diesen Produkten engagiert sich Armada Mobility auch in der Entwicklung von Smart-City-L\u00f6sungen, die zu einer nachhaltigen und lebenswerten urbanen Zukunft beitragen. Das Unternehmen zeichnet sich durch umfassenden Service und Wartung f\u00fcr alle seine Produkte aus und bietet seinen Kunden eine vollst\u00e4ndige One-Stop-Shop-Erfahrung.<br>Das Angebot von Armada Mobility geht \u00fcber die reine Produktlieferung hinaus und umfasst langfristige Unterst\u00fctzung, damit St\u00e4dte und Verkehrsnetze ihre Infrastruktur nachhaltig instand halten und optimieren k\u00f6nnen \u2013 f\u00fcr eine effiziente st\u00e4dtische Mobilit\u00e4t.    <\/p>\n<p><\/p>\n<p>Um sein Ziel intelligenter und nachhaltiger st\u00e4dtischer Gebiete zu verwirklichen, konzentriert sich Armada Mobility auf eine effiziente Abfallentsorgung und minimiert die CO\u2082-Emissionen durch fortschrittliche Abfallmanagementsysteme. Neben diesen Ma\u00dfnahmen engagiert sich das Unternehmen f\u00fcr die Integration erneuerbarer Energiequellen und den Einsatz energieeffizienter Technologien in allen Produktionsprozessen.<br>Durch diese Ans\u00e4tze setzt sich Armada Mobility f\u00fcr den Aufbau intelligenter, nachhaltiger und effizienter st\u00e4dtischer Umgebungen ein, die die Lebensqualit\u00e4t aller Stadtbewohner verbessern.  <\/p>\n<p><\/p>\n<p>\u201eDie \u00dcbernahme von Armada Mobility best\u00e4tigt erneut das Engagement von CROWD, nicht nur nachhaltige Mobilit\u00e4t und den Fluss \u00f6ffentlicher R\u00e4ume zu erleichtern, sondern auch die bereitgestellte Infrastruktur instand zu halten, was wiederum unser Kreislaufwirtschaftsangebot verbessert. Ich selbst und alle bei CROWD freuen uns sehr auf die Zusammenarbeit mit Jan-Willem und seinem Managementteam, um eine reibungslose und effektive Integration in CROWD zu gew\u00e4hrleisten und so eine vielversprechende Zukunft f\u00fcr alle zu sichern!\u201c, so James Steward, CEO der CROWD Group.<\/p>\n<p><\/p>\n<p>Ihre Vision wird vollst\u00e4ndig von Jan-Willem de Bie, CEO von Armada Mobility, geteilt: \u201eIch freue mich, dass Armada Mobility nun Teil von CROWD ist, einer Organisation, die \u2013 genau wie wir \u2013 vollst\u00e4ndig auf Innovation und nachhaltige Mobilit\u00e4t ausgerichtet ist. Unsere gemeinsamen Ambitionen f\u00fcr Wachstum, Kreislaufwirtschaft und die Bereitstellung zukunftssicherer L\u00f6sungen bilden eine starke Grundlage f\u00fcr diese Zusammenarbeit. Ich freue mich darauf, gemeinsam mit dem CROWD-Team weiter an einer Mobilit\u00e4t zu arbeiten, die f\u00fcr die Herausforderungen von morgen ger\u00fcstet ist.\u201c<\/p>\n<p><\/p>\n<p> <\/p>\n<p><\/p>\n<p><\/p>\t\t\t\t\t\t\t\t<\/div>\n\t\t\t\t<\/div>\n\t\t\t\t<\/div>\n\t\t<div class=\"elementor-element elementor-element-25f4310 e-con-full e-flex e-con e-child\" data-id=\"25f4310\" data-element_type=\"container\" data-e-type=\"container\" data-settings=\"{&quot;jet_parallax_layout_list&quot;:[]}\">\n\t\t\t\t<div class=\"elementor-element elementor-element-76a9557 elementor-widget__width-initial elementor-widget elementor-widget-heading\" data-id=\"76a9557\" data-element_type=\"widget\" data-e-type=\"widget\" data-widget_type=\"heading.default\">\n\t\t\t\t<div class=\"elementor-widget-container\">\n\t\t\t\t\t<h3 class=\"elementor-heading-title elementor-size-default\">\u00dcber CROWD<\/h3>\t\t\t\t<\/div>\n\t\t\t\t<\/div>\n\t\t\t\t<div class=\"elementor-element elementor-element-375e6ac elementor-widget__width-initial elementor-widget elementor-widget-text-editor\" data-id=\"375e6ac\" data-element_type=\"widget\" data-e-type=\"widget\" data-widget_type=\"text-editor.default\">\n\t\t\t\t<div class=\"elementor-widget-container\">\n\t\t\t\t\t\t\t\t\t<p>Creators of the Outside World B.V. ist eine innovative Unternehmensgruppe etablierter Firmen, die den \u00f6ffentlichen Raum und die gebaute Umwelt gestalten und ausstatten. CROWD konzentriert sich insbesondere auf Fahrrad\u00adinfrastruktur, Wartehallen und Stadtmobiliar. Das Unternehmen verfolgt das Ziel, bewusst zur Lebensqualit\u00e4t der Gesellschaft beizutragen, indem es Produkte entwickelt, die modale Mobilit\u00e4t, soziale Interaktion und Begegnung erm\u00f6glichen \u2013 stets unter Ber\u00fccksichtigung nachhaltiger und zirkul\u00e4rer Designprinzipien.<br>Obwohl CROWD 2014 gegr\u00fcndet wurde, ist es durch seine Buy-&amp;-Build-Strategie \u2013 insbesondere in den letzten vier Jahren \u2013 erheblich gewachsen. Mit der \u00dcbernahme von Armada Mobility umfasst die Gruppe nun sieben Unternehmen: Lumiguide, VelopA, ZIEGLER, IJslander, HITSA (einschlie\u00dflich LAMPAS) sowie die Bailey Street Furniture Group (einschlie\u00dflich Cyclepods). Die Gruppe erzielt einen Umsatz von \u00fcber 125 Millionen Euro und verf\u00fcgt \u00fcber insgesamt 10 Hauptsitze in 8 L\u00e4ndern sowie 5 Produktionsstandorte.    <\/p>\n<p><\/p>\n<p>F\u00fcr weitere Informationen besuchen Sie:<a href=\"http:\/\/www.crowdoutside.com\/\"> www.crowdoutside.com<\/a><\/p>\t\t\t\t\t\t\t\t<\/div>\n\t\t\t\t<\/div>\n\t\t\t\t<\/div>\n\t\t\t\t\t<\/div>\n\t\t\t\t<\/div>\n\t\t\t\t<\/div>\n\t\t","protected":false},"excerpt":{"rendered":"<p>Wir freuen uns, einen weiteren wichtigen Meilenstein auf unserem Weg bekannt zu geben. Am 18. Dezember 2024 hat CROWD erfolgreich Armada Mobility BV \u00fcbernommen. Diese strategische \u00dcbernahme st\u00e4rkt unser Engagement zur Verbesserung urbaner Lebensr\u00e4ume und unterstreicht unsere Position als f\u00fchrender Anbieter innovativer L\u00f6sungen f\u00fcr den \u00f6ffentlichen Raum.  <\/p>\n","protected":false},"author":1,"featured_media":4640,"comment_status":"open","ping_status":"open","sticky":true,"template":"","format":"standard","meta":{"footnotes":""},"categories":[22],"tags":[],"class_list":["post-4902","post","type-post","status-publish","format-standard","has-post-thumbnail","hentry","category-unkategorisiert"],"yoast_head":"<!-- This site is optimized with the Yoast SEO plugin v27.3 - https:\/\/yoast.com\/product\/yoast-seo-wordpress\/ -->\n<title>CROWD k\u00fcndigt stolz die \u00dcbernahme von Armada Mobility BV an! | Armada Mobility<\/title>\n<meta name=\"description\" content=\"Entdecken Sie, wie CROWD und Armada Mobility gemeinsam nachhaltige und intelligente st\u00e4dtische Umgebungen gestalten. Mit einem gemeinsamen Fokus auf Innovation, Mobilit\u00e4t und Kreislaufwirtschaft verwandeln sie \u00f6ffentliche R\u00e4ume und schaffen L\u00f6sungen f\u00fcr die Zukunft.\" \/>\n<meta name=\"robots\" content=\"index, follow, max-snippet:-1, max-image-preview:large, max-video-preview:-1\" \/>\n<link rel=\"canonical\" href=\"https:\/\/www.armadamobility.nl\/de\/crowd-kuendigt-stolz-die-uebernahme-von-armada-mobility-bv-an\/\" \/>\n<meta property=\"og:locale\" content=\"de_DE\" \/>\n<meta property=\"og:type\" content=\"article\" \/>\n<meta property=\"og:title\" content=\"CROWD k\u00fcndigt stolz die \u00dcbernahme von Armada Mobility BV an! | Armada Mobility\" \/>\n<meta property=\"og:description\" content=\"Entdecken Sie, wie CROWD und Armada Mobility gemeinsam nachhaltige und intelligente st\u00e4dtische Umgebungen gestalten. Mit einem gemeinsamen Fokus auf Innovation, Mobilit\u00e4t und Kreislaufwirtschaft verwandeln sie \u00f6ffentliche R\u00e4ume und schaffen L\u00f6sungen f\u00fcr die Zukunft.\" \/>\n<meta property=\"og:url\" content=\"https:\/\/www.armadamobility.nl\/de\/crowd-kuendigt-stolz-die-uebernahme-von-armada-mobility-bv-an\/\" \/>\n<meta property=\"og:site_name\" content=\"Armada Mobility\" \/>\n<meta property=\"article:published_time\" content=\"2024-12-20T10:50:00+00:00\" \/>\n<meta property=\"article:modified_time\" content=\"2025-03-12T14:07:09+00:00\" \/>\n<meta property=\"og:image\" content=\"https:\/\/www.armadamobility.nl\/wp-content\/uploads\/2024\/12\/Crowd-blog-artikel-thumbnail.jpg\" \/>\n\t<meta property=\"og:image:width\" content=\"1280\" \/>\n\t<meta property=\"og:image:height\" content=\"720\" \/>\n\t<meta property=\"og:image:type\" content=\"image\/jpeg\" \/>\n<meta name=\"author\" content=\"admin\" \/>\n<meta name=\"twitter:card\" content=\"summary_large_image\" \/>\n<meta name=\"twitter:label1\" content=\"Verfasst von\" \/>\n\t<meta name=\"twitter:data1\" content=\"admin\" \/>\n\t<meta name=\"twitter:label2\" content=\"Gesch\u00e4tzte Lesezeit\" \/>\n\t<meta name=\"twitter:data2\" content=\"3\u00a0Minuten\" \/>\n<script type=\"application\/ld+json\" class=\"yoast-schema-graph\">{\"@context\":\"https:\\\/\\\/schema.org\",\"@graph\":[{\"@type\":\"Article\",\"@id\":\"https:\\\/\\\/www.armadamobility.nl\\\/de\\\/crowd-kuendigt-stolz-die-uebernahme-von-armada-mobility-bv-an\\\/#article\",\"isPartOf\":{\"@id\":\"https:\\\/\\\/www.armadamobility.nl\\\/de\\\/crowd-kuendigt-stolz-die-uebernahme-von-armada-mobility-bv-an\\\/\"},\"author\":{\"name\":\"admin\",\"@id\":\"https:\\\/\\\/www.armadamobility.nl\\\/#\\\/schema\\\/person\\\/6e2846b872fe70c830f09e69fabbb8ab\"},\"headline\":\"CROWD k\u00fcndigt stolz die \u00dcbernahme von Armada Mobility BV an!\",\"datePublished\":\"2024-12-20T10:50:00+00:00\",\"dateModified\":\"2025-03-12T14:07:09+00:00\",\"mainEntityOfPage\":{\"@id\":\"https:\\\/\\\/www.armadamobility.nl\\\/de\\\/crowd-kuendigt-stolz-die-uebernahme-von-armada-mobility-bv-an\\\/\"},\"wordCount\":597,\"commentCount\":0,\"publisher\":{\"@id\":\"https:\\\/\\\/www.armadamobility.nl\\\/#organization\"},\"image\":{\"@id\":\"https:\\\/\\\/www.armadamobility.nl\\\/de\\\/crowd-kuendigt-stolz-die-uebernahme-von-armada-mobility-bv-an\\\/#primaryimage\"},\"thumbnailUrl\":\"https:\\\/\\\/www.armadamobility.nl\\\/wp-content\\\/uploads\\\/2024\\\/12\\\/Crowd-blog-artikel-thumbnail.jpg\",\"articleSection\":[\"Unkategorisiert\"],\"inLanguage\":\"de\",\"potentialAction\":[{\"@type\":\"CommentAction\",\"name\":\"Comment\",\"target\":[\"https:\\\/\\\/www.armadamobility.nl\\\/de\\\/crowd-kuendigt-stolz-die-uebernahme-von-armada-mobility-bv-an\\\/#respond\"]}]},{\"@type\":\"WebPage\",\"@id\":\"https:\\\/\\\/www.armadamobility.nl\\\/de\\\/crowd-kuendigt-stolz-die-uebernahme-von-armada-mobility-bv-an\\\/\",\"url\":\"https:\\\/\\\/www.armadamobility.nl\\\/de\\\/crowd-kuendigt-stolz-die-uebernahme-von-armada-mobility-bv-an\\\/\",\"name\":\"CROWD k\u00fcndigt stolz die \u00dcbernahme von Armada Mobility BV an! | Armada Mobility\",\"isPartOf\":{\"@id\":\"https:\\\/\\\/www.armadamobility.nl\\\/#website\"},\"primaryImageOfPage\":{\"@id\":\"https:\\\/\\\/www.armadamobility.nl\\\/de\\\/crowd-kuendigt-stolz-die-uebernahme-von-armada-mobility-bv-an\\\/#primaryimage\"},\"image\":{\"@id\":\"https:\\\/\\\/www.armadamobility.nl\\\/de\\\/crowd-kuendigt-stolz-die-uebernahme-von-armada-mobility-bv-an\\\/#primaryimage\"},\"thumbnailUrl\":\"https:\\\/\\\/www.armadamobility.nl\\\/wp-content\\\/uploads\\\/2024\\\/12\\\/Crowd-blog-artikel-thumbnail.jpg\",\"datePublished\":\"2024-12-20T10:50:00+00:00\",\"dateModified\":\"2025-03-12T14:07:09+00:00\",\"description\":\"Entdecken Sie, wie CROWD und Armada Mobility gemeinsam nachhaltige und intelligente st\u00e4dtische Umgebungen gestalten. Mit einem gemeinsamen Fokus auf Innovation, Mobilit\u00e4t und Kreislaufwirtschaft verwandeln sie \u00f6ffentliche R\u00e4ume und schaffen L\u00f6sungen f\u00fcr die Zukunft.\",\"breadcrumb\":{\"@id\":\"https:\\\/\\\/www.armadamobility.nl\\\/de\\\/crowd-kuendigt-stolz-die-uebernahme-von-armada-mobility-bv-an\\\/#breadcrumb\"},\"inLanguage\":\"de\",\"potentialAction\":[{\"@type\":\"ReadAction\",\"target\":[\"https:\\\/\\\/www.armadamobility.nl\\\/de\\\/crowd-kuendigt-stolz-die-uebernahme-von-armada-mobility-bv-an\\\/\"]}]},{\"@type\":\"ImageObject\",\"inLanguage\":\"de\",\"@id\":\"https:\\\/\\\/www.armadamobility.nl\\\/de\\\/crowd-kuendigt-stolz-die-uebernahme-von-armada-mobility-bv-an\\\/#primaryimage\",\"url\":\"https:\\\/\\\/www.armadamobility.nl\\\/wp-content\\\/uploads\\\/2024\\\/12\\\/Crowd-blog-artikel-thumbnail.jpg\",\"contentUrl\":\"https:\\\/\\\/www.armadamobility.nl\\\/wp-content\\\/uploads\\\/2024\\\/12\\\/Crowd-blog-artikel-thumbnail.jpg\",\"width\":1280,\"height\":720},{\"@type\":\"BreadcrumbList\",\"@id\":\"https:\\\/\\\/www.armadamobility.nl\\\/de\\\/crowd-kuendigt-stolz-die-uebernahme-von-armada-mobility-bv-an\\\/#breadcrumb\",\"itemListElement\":[{\"@type\":\"ListItem\",\"position\":1,\"name\":\"Home\",\"item\":\"https:\\\/\\\/www.armadamobility.nl\\\/\"},{\"@type\":\"ListItem\",\"position\":2,\"name\":\"CROWD k\u00fcndigt stolz die \u00dcbernahme von Armada Mobility BV an!\"}]},{\"@type\":\"WebSite\",\"@id\":\"https:\\\/\\\/www.armadamobility.nl\\\/#website\",\"url\":\"https:\\\/\\\/www.armadamobility.nl\\\/\",\"name\":\"Armada Mobility\",\"description\":\"Openbare voorzieningen &amp; Rail-Infra\",\"publisher\":{\"@id\":\"https:\\\/\\\/www.armadamobility.nl\\\/#organization\"},\"potentialAction\":[{\"@type\":\"SearchAction\",\"target\":{\"@type\":\"EntryPoint\",\"urlTemplate\":\"https:\\\/\\\/www.armadamobility.nl\\\/?s={search_term_string}\"},\"query-input\":{\"@type\":\"PropertyValueSpecification\",\"valueRequired\":true,\"valueName\":\"search_term_string\"}}],\"inLanguage\":\"de\"},{\"@type\":\"Organization\",\"@id\":\"https:\\\/\\\/www.armadamobility.nl\\\/#organization\",\"name\":\"Armada Mobility B.V.\",\"url\":\"https:\\\/\\\/www.armadamobility.nl\\\/\",\"logo\":{\"@type\":\"ImageObject\",\"inLanguage\":\"de\",\"@id\":\"https:\\\/\\\/www.armadamobility.nl\\\/#\\\/schema\\\/logo\\\/image\\\/\",\"url\":\"https:\\\/\\\/www.armadamobility.nl\\\/wp-content\\\/uploads\\\/2024\\\/09\\\/Logo-armada-mobility.svg\",\"contentUrl\":\"https:\\\/\\\/www.armadamobility.nl\\\/wp-content\\\/uploads\\\/2024\\\/09\\\/Logo-armada-mobility.svg\",\"width\":1699.5,\"height\":303.8,\"caption\":\"Armada Mobility B.V.\"},\"image\":{\"@id\":\"https:\\\/\\\/www.armadamobility.nl\\\/#\\\/schema\\\/logo\\\/image\\\/\"}},{\"@type\":\"Person\",\"@id\":\"https:\\\/\\\/www.armadamobility.nl\\\/#\\\/schema\\\/person\\\/6e2846b872fe70c830f09e69fabbb8ab\",\"name\":\"admin\",\"image\":{\"@type\":\"ImageObject\",\"inLanguage\":\"de\",\"@id\":\"https:\\\/\\\/secure.gravatar.com\\\/avatar\\\/89678fd4d80d07bdbb88e12e8c74a03abf959cfcef5c09cd39965681874e4cae?s=96&d=mm&r=g\",\"url\":\"https:\\\/\\\/secure.gravatar.com\\\/avatar\\\/89678fd4d80d07bdbb88e12e8c74a03abf959cfcef5c09cd39965681874e4cae?s=96&d=mm&r=g\",\"contentUrl\":\"https:\\\/\\\/secure.gravatar.com\\\/avatar\\\/89678fd4d80d07bdbb88e12e8c74a03abf959cfcef5c09cd39965681874e4cae?s=96&d=mm&r=g\",\"caption\":\"admin\"},\"sameAs\":[\"https:\\\/\\\/www.armadamobility.nl\"],\"url\":\"https:\\\/\\\/www.armadamobility.nl\\\/de\\\/author\\\/admin\\\/\"}]}<\/script>\n<!-- \/ Yoast SEO plugin. -->","yoast_head_json":{"title":"CROWD k\u00fcndigt stolz die \u00dcbernahme von Armada Mobility BV an! | Armada Mobility","description":"Entdecken Sie, wie CROWD und Armada Mobility gemeinsam nachhaltige und intelligente st\u00e4dtische Umgebungen gestalten. Mit einem gemeinsamen Fokus auf Innovation, Mobilit\u00e4t und Kreislaufwirtschaft verwandeln sie \u00f6ffentliche R\u00e4ume und schaffen L\u00f6sungen f\u00fcr die Zukunft.","robots":{"index":"index","follow":"follow","max-snippet":"max-snippet:-1","max-image-preview":"max-image-preview:large","max-video-preview":"max-video-preview:-1"},"canonical":"https:\/\/www.armadamobility.nl\/de\/crowd-kuendigt-stolz-die-uebernahme-von-armada-mobility-bv-an\/","og_locale":"de_DE","og_type":"article","og_title":"CROWD k\u00fcndigt stolz die \u00dcbernahme von Armada Mobility BV an! | Armada Mobility","og_description":"Entdecken Sie, wie CROWD und Armada Mobility gemeinsam nachhaltige und intelligente st\u00e4dtische Umgebungen gestalten. Mit einem gemeinsamen Fokus auf Innovation, Mobilit\u00e4t und Kreislaufwirtschaft verwandeln sie \u00f6ffentliche R\u00e4ume und schaffen L\u00f6sungen f\u00fcr die Zukunft.","og_url":"https:\/\/www.armadamobility.nl\/de\/crowd-kuendigt-stolz-die-uebernahme-von-armada-mobility-bv-an\/","og_site_name":"Armada Mobility","article_published_time":"2024-12-20T10:50:00+00:00","article_modified_time":"2025-03-12T14:07:09+00:00","og_image":[{"width":1280,"height":720,"url":"https:\/\/www.armadamobility.nl\/wp-content\/uploads\/2024\/12\/Crowd-blog-artikel-thumbnail.jpg","type":"image\/jpeg"}],"author":"admin","twitter_card":"summary_large_image","twitter_misc":{"Verfasst von":"admin","Gesch\u00e4tzte Lesezeit":"3\u00a0Minuten"},"schema":{"@context":"https:\/\/schema.org","@graph":[{"@type":"Article","@id":"https:\/\/www.armadamobility.nl\/de\/crowd-kuendigt-stolz-die-uebernahme-von-armada-mobility-bv-an\/#article","isPartOf":{"@id":"https:\/\/www.armadamobility.nl\/de\/crowd-kuendigt-stolz-die-uebernahme-von-armada-mobility-bv-an\/"},"author":{"name":"admin","@id":"https:\/\/www.armadamobility.nl\/#\/schema\/person\/6e2846b872fe70c830f09e69fabbb8ab"},"headline":"CROWD k\u00fcndigt stolz die \u00dcbernahme von Armada Mobility BV an!","datePublished":"2024-12-20T10:50:00+00:00","dateModified":"2025-03-12T14:07:09+00:00","mainEntityOfPage":{"@id":"https:\/\/www.armadamobility.nl\/de\/crowd-kuendigt-stolz-die-uebernahme-von-armada-mobility-bv-an\/"},"wordCount":597,"commentCount":0,"publisher":{"@id":"https:\/\/www.armadamobility.nl\/#organization"},"image":{"@id":"https:\/\/www.armadamobility.nl\/de\/crowd-kuendigt-stolz-die-uebernahme-von-armada-mobility-bv-an\/#primaryimage"},"thumbnailUrl":"https:\/\/www.armadamobility.nl\/wp-content\/uploads\/2024\/12\/Crowd-blog-artikel-thumbnail.jpg","articleSection":["Unkategorisiert"],"inLanguage":"de","potentialAction":[{"@type":"CommentAction","name":"Comment","target":["https:\/\/www.armadamobility.nl\/de\/crowd-kuendigt-stolz-die-uebernahme-von-armada-mobility-bv-an\/#respond"]}]},{"@type":"WebPage","@id":"https:\/\/www.armadamobility.nl\/de\/crowd-kuendigt-stolz-die-uebernahme-von-armada-mobility-bv-an\/","url":"https:\/\/www.armadamobility.nl\/de\/crowd-kuendigt-stolz-die-uebernahme-von-armada-mobility-bv-an\/","name":"CROWD k\u00fcndigt stolz die \u00dcbernahme von Armada Mobility BV an! | Armada Mobility","isPartOf":{"@id":"https:\/\/www.armadamobility.nl\/#website"},"primaryImageOfPage":{"@id":"https:\/\/www.armadamobility.nl\/de\/crowd-kuendigt-stolz-die-uebernahme-von-armada-mobility-bv-an\/#primaryimage"},"image":{"@id":"https:\/\/www.armadamobility.nl\/de\/crowd-kuendigt-stolz-die-uebernahme-von-armada-mobility-bv-an\/#primaryimage"},"thumbnailUrl":"https:\/\/www.armadamobility.nl\/wp-content\/uploads\/2024\/12\/Crowd-blog-artikel-thumbnail.jpg","datePublished":"2024-12-20T10:50:00+00:00","dateModified":"2025-03-12T14:07:09+00:00","description":"Entdecken Sie, wie CROWD und Armada Mobility gemeinsam nachhaltige und intelligente st\u00e4dtische Umgebungen gestalten. Mit einem gemeinsamen Fokus auf Innovation, Mobilit\u00e4t und Kreislaufwirtschaft verwandeln sie \u00f6ffentliche R\u00e4ume und schaffen L\u00f6sungen f\u00fcr die Zukunft.","breadcrumb":{"@id":"https:\/\/www.armadamobility.nl\/de\/crowd-kuendigt-stolz-die-uebernahme-von-armada-mobility-bv-an\/#breadcrumb"},"inLanguage":"de","potentialAction":[{"@type":"ReadAction","target":["https:\/\/www.armadamobility.nl\/de\/crowd-kuendigt-stolz-die-uebernahme-von-armada-mobility-bv-an\/"]}]},{"@type":"ImageObject","inLanguage":"de","@id":"https:\/\/www.armadamobility.nl\/de\/crowd-kuendigt-stolz-die-uebernahme-von-armada-mobility-bv-an\/#primaryimage","url":"https:\/\/www.armadamobility.nl\/wp-content\/uploads\/2024\/12\/Crowd-blog-artikel-thumbnail.jpg","contentUrl":"https:\/\/www.armadamobility.nl\/wp-content\/uploads\/2024\/12\/Crowd-blog-artikel-thumbnail.jpg","width":1280,"height":720},{"@type":"BreadcrumbList","@id":"https:\/\/www.armadamobility.nl\/de\/crowd-kuendigt-stolz-die-uebernahme-von-armada-mobility-bv-an\/#breadcrumb","itemListElement":[{"@type":"ListItem","position":1,"name":"Home","item":"https:\/\/www.armadamobility.nl\/"},{"@type":"ListItem","position":2,"name":"CROWD k\u00fcndigt stolz die \u00dcbernahme von Armada Mobility BV an!"}]},{"@type":"WebSite","@id":"https:\/\/www.armadamobility.nl\/#website","url":"https:\/\/www.armadamobility.nl\/","name":"Armada Mobility","description":"Openbare voorzieningen &amp; Rail-Infra","publisher":{"@id":"https:\/\/www.armadamobility.nl\/#organization"},"potentialAction":[{"@type":"SearchAction","target":{"@type":"EntryPoint","urlTemplate":"https:\/\/www.armadamobility.nl\/?s={search_term_string}"},"query-input":{"@type":"PropertyValueSpecification","valueRequired":true,"valueName":"search_term_string"}}],"inLanguage":"de"},{"@type":"Organization","@id":"https:\/\/www.armadamobility.nl\/#organization","name":"Armada Mobility B.V.","url":"https:\/\/www.armadamobility.nl\/","logo":{"@type":"ImageObject","inLanguage":"de","@id":"https:\/\/www.armadamobility.nl\/#\/schema\/logo\/image\/","url":"https:\/\/www.armadamobility.nl\/wp-content\/uploads\/2024\/09\/Logo-armada-mobility.svg","contentUrl":"https:\/\/www.armadamobility.nl\/wp-content\/uploads\/2024\/09\/Logo-armada-mobility.svg","width":1699.5,"height":303.8,"caption":"Armada Mobility B.V."},"image":{"@id":"https:\/\/www.armadamobility.nl\/#\/schema\/logo\/image\/"}},{"@type":"Person","@id":"https:\/\/www.armadamobility.nl\/#\/schema\/person\/6e2846b872fe70c830f09e69fabbb8ab","name":"admin","image":{"@type":"ImageObject","inLanguage":"de","@id":"https:\/\/secure.gravatar.com\/avatar\/89678fd4d80d07bdbb88e12e8c74a03abf959cfcef5c09cd39965681874e4cae?s=96&d=mm&r=g","url":"https:\/\/secure.gravatar.com\/avatar\/89678fd4d80d07bdbb88e12e8c74a03abf959cfcef5c09cd39965681874e4cae?s=96&d=mm&r=g","contentUrl":"https:\/\/secure.gravatar.com\/avatar\/89678fd4d80d07bdbb88e12e8c74a03abf959cfcef5c09cd39965681874e4cae?s=96&d=mm&r=g","caption":"admin"},"sameAs":["https:\/\/www.armadamobility.nl"],"url":"https:\/\/www.armadamobility.nl\/de\/author\/admin\/"}]}},"_links":{"self":[{"href":"https:\/\/www.armadamobility.nl\/de\/wp-json\/wp\/v2\/posts\/4902","targetHints":{"allow":["GET"]}}],"collection":[{"href":"https:\/\/www.armadamobility.nl\/de\/wp-json\/wp\/v2\/posts"}],"about":[{"href":"https:\/\/www.armadamobility.nl\/de\/wp-json\/wp\/v2\/types\/post"}],"author":[{"embeddable":true,"href":"https:\/\/www.armadamobility.nl\/de\/wp-json\/wp\/v2\/users\/1"}],"replies":[{"embeddable":true,"href":"https:\/\/www.armadamobility.nl\/de\/wp-json\/wp\/v2\/comments?post=4902"}],"version-history":[{"count":3,"href":"https:\/\/www.armadamobility.nl\/de\/wp-json\/wp\/v2\/posts\/4902\/revisions"}],"predecessor-version":[{"id":5678,"href":"https:\/\/www.armadamobility.nl\/de\/wp-json\/wp\/v2\/posts\/4902\/revisions\/5678"}],"wp:featuredmedia":[{"embeddable":true,"href":"https:\/\/www.armadamobility.nl\/de\/wp-json\/wp\/v2\/media\/4640"}],"wp:attachment":[{"href":"https:\/\/www.armadamobility.nl\/de\/wp-json\/wp\/v2\/media?parent=4902"}],"wp:term":[{"taxonomy":"category","embeddable":true,"href":"https:\/\/www.armadamobility.nl\/de\/wp-json\/wp\/v2\/categories?post=4902"},{"taxonomy":"post_tag","embeddable":true,"href":"https:\/\/www.armadamobility.nl\/de\/wp-json\/wp\/v2\/tags?post=4902"}],"curies":[{"name":"wp","href":"https:\/\/api.w.org\/{rel}","templated":true}]}}