{"id":4896,"date":"2025-01-17T11:50:22","date_gmt":"2025-01-17T10:50:22","guid":{"rendered":"https:\/\/www.armadamobility.nl\/kameramasten-ns\/"},"modified":"2025-03-05T10:15:43","modified_gmt":"2025-03-05T09:15:43","slug":"kameramasten-ns","status":"publish","type":"post","link":"https:\/\/www.armadamobility.nl\/de\/kameramasten-ns\/","title":{"rendered":"Kameramasten NS"},"content":{"rendered":"\t\t<div data-elementor-type=\"wp-post\" data-elementor-id=\"4896\" class=\"elementor elementor-4896 elementor-236\" data-elementor-post-type=\"post\">\n\t\t\t\t<div class=\"elementor-element elementor-element-2743bc20 e-flex e-con-boxed e-con e-parent\" data-id=\"2743bc20\" data-element_type=\"container\" data-e-type=\"container\" data-settings=\"{&quot;background_background&quot;:&quot;classic&quot;,&quot;jet_parallax_layout_list&quot;:[]}\">\n\t\t\t\t\t<div class=\"e-con-inner\">\n\t\t\t\t<div class=\"elementor-element elementor-element-69966cfe elementor-widget elementor-widget-text-editor\" data-id=\"69966cfe\" data-element_type=\"widget\" data-e-type=\"widget\" data-widget_type=\"text-editor.default\">\n\t\t\t\t<div class=\"elementor-widget-container\">\n\t\t\t\t\t\t\t\t\t<h3 class=\"wp-block-heading\"> <\/h3>\n<h3>Beitrag zur digitalen Zuginspektion<\/h3>\n<h3 class=\"wp-block-heading\"> <\/h3>\n<p>Wir sind zufrieden mit dem wesentlichen Beitrag, den wir zum Digitalisierungsprojekt der Zuginspektionen leisten durften. Wir haben Masten und Plattformen geliefert, die zur effizienteren Durchf\u00fchrung von 48-Stunden-Inspektionen beitragen. Dank dieser Innovation kann die NS nun mit digitalen Zuginspektionen beginnen, was zur Optimierung der Wartung und zur Erh\u00f6hung der Zuverl\u00e4ssigkeit des Schienennetzes beitr\u00e4gt. Klicken Sie hier f\u00fcr das <a href=\"https:\/\/www.linkedin.com\/feed\/update\/urn:li:activity:7285940680277790720\/\">Video<\/a>.   <\/p>\n<h3 class=\"wp-block-heading\"> <\/h3>\n<p>Dieses Projekt ist eine Zusammenarbeit mit VolkerRail, BAM Infra Nederland, Arcadis, CAF und Camlin Rail. Im Jahr 2025 wird das Netzwerk digitaler Inspektionen weiter ausgebaut. <\/p>\n<h3 class=\"wp-block-heading\"> <\/h3>\n<p>\ud83d\udd17 Erfahren Sie mehr \u00fcber unsere L\u00f6sungen f\u00fcr die <a href=\"https:\/\/www.armadamobility.nl\/de\/product-hoofdgroep\/rail-infra\/\">Schieneninfrastruktur<\/a>.<\/p>\n\t\t\t\t\t\t\t\t<\/div>\n\t\t\t\t<\/div>\n\t\t\t\t\t<\/div>\n\t\t\t\t<\/div>\n\t\t<div class=\"elementor-element elementor-element-9dd917d e-flex e-con-boxed e-con e-parent\" data-id=\"9dd917d\" data-element_type=\"container\" data-e-type=\"container\" data-settings=\"{&quot;jet_parallax_layout_list&quot;:[]}\">\n\t\t\t\t\t<div class=\"e-con-inner\">\n\t\t\t\t<div class=\"elementor-element elementor-element-a638a87 elementor-widget elementor-widget-image\" data-id=\"a638a87\" data-element_type=\"widget\" data-e-type=\"widget\" data-widget_type=\"image.default\">\n\t\t\t\t<div class=\"elementor-widget-container\">\n\t\t\t\t\t\t\t\t\t\t\t\t\t\t\t<img fetchpriority=\"high\" decoding=\"async\" width=\"800\" height=\"355\" src=\"https:\/\/www.armadamobility.nl\/wp-content\/uploads\/2025\/01\/DSC_5093-min-1024x455.jpg\" class=\"attachment-large size-large wp-image-4840\" alt=\"\" srcset=\"https:\/\/www.armadamobility.nl\/wp-content\/uploads\/2025\/01\/DSC_5093-min-1024x455.jpg 1024w, https:\/\/www.armadamobility.nl\/wp-content\/uploads\/2025\/01\/DSC_5093-min-300x133.jpg 300w, https:\/\/www.armadamobility.nl\/wp-content\/uploads\/2025\/01\/DSC_5093-min-768x341.jpg 768w, https:\/\/www.armadamobility.nl\/wp-content\/uploads\/2025\/01\/DSC_5093-min.jpg 1440w\" sizes=\"(max-width: 800px) 100vw, 800px\" \/>\t\t\t\t\t\t\t\t\t\t\t\t\t\t\t<\/div>\n\t\t\t\t<\/div>\n\t\t\t\t\t<\/div>\n\t\t\t\t<\/div>\n\t\t\t\t<\/div>\n\t\t","protected":false},"excerpt":{"rendered":"<p>Beitrag zur digitalen Zuginspektion Wir sind zufrieden mit dem wesentlichen Beitrag, den wir zum Digitalisierungsprojekt der Zuginspektionen leisten durften. Wir haben Masten und Plattformen geliefert, die zur effizienteren Durchf\u00fchrung von 48-Stunden-Inspektionen beitragen. Dank dieser Innovation kann die NS nun mit digitalen Zuginspektionen beginnen, was zur Optimierung der Wartung und zur Erh\u00f6hung der Zuverl\u00e4ssigkeit des Schienennetzes [&hellip;]<\/p>\n","protected":false},"author":1,"featured_media":5973,"comment_status":"open","ping_status":"open","sticky":false,"template":"","format":"standard","meta":{"footnotes":""},"categories":[22],"tags":[],"class_list":["post-4896","post","type-post","status-publish","format-standard","has-post-thumbnail","hentry","category-unkategorisiert"],"yoast_head":"<!-- This site is optimized with the Yoast SEO plugin v27.3 - https:\/\/yoast.com\/product\/yoast-seo-wordpress\/ -->\n<title>Kameramasten NS | Armada Mobility<\/title>\n<meta name=\"robots\" content=\"index, follow, max-snippet:-1, max-image-preview:large, max-video-preview:-1\" \/>\n<link rel=\"canonical\" href=\"https:\/\/www.armadamobility.nl\/de\/kameramasten-ns\/\" \/>\n<meta property=\"og:locale\" content=\"de_DE\" \/>\n<meta property=\"og:type\" content=\"article\" \/>\n<meta property=\"og:title\" content=\"Kameramasten NS | Armada Mobility\" \/>\n<meta property=\"og:description\" content=\"Beitrag zur digitalen Zuginspektion Wir sind zufrieden mit dem wesentlichen Beitrag, den wir zum Digitalisierungsprojekt der Zuginspektionen leisten durften. Wir haben Masten und Plattformen geliefert, die zur effizienteren Durchf\u00fchrung von 48-Stunden-Inspektionen beitragen. Dank dieser Innovation kann die NS nun mit digitalen Zuginspektionen beginnen, was zur Optimierung der Wartung und zur Erh\u00f6hung der Zuverl\u00e4ssigkeit des Schienennetzes [&hellip;]\" \/>\n<meta property=\"og:url\" content=\"https:\/\/www.armadamobility.nl\/de\/kameramasten-ns\/\" \/>\n<meta property=\"og:site_name\" content=\"Armada Mobility\" \/>\n<meta property=\"article:published_time\" content=\"2025-01-17T10:50:22+00:00\" \/>\n<meta property=\"article:modified_time\" content=\"2025-03-05T09:15:43+00:00\" \/>\n<meta property=\"og:image\" content=\"https:\/\/www.armadamobility.nl\/wp-content\/uploads\/2024\/09\/hero.jpg\" \/>\n\t<meta property=\"og:image:width\" content=\"1440\" \/>\n\t<meta property=\"og:image:height\" content=\"721\" \/>\n\t<meta property=\"og:image:type\" content=\"image\/jpeg\" \/>\n<meta name=\"author\" content=\"admin\" \/>\n<meta name=\"twitter:card\" content=\"summary_large_image\" \/>\n<meta name=\"twitter:label1\" content=\"Verfasst von\" \/>\n\t<meta name=\"twitter:data1\" content=\"admin\" \/>\n\t<meta name=\"twitter:label2\" content=\"Gesch\u00e4tzte Lesezeit\" \/>\n\t<meta name=\"twitter:data2\" content=\"1\u00a0Minute\" \/>\n<script type=\"application\/ld+json\" class=\"yoast-schema-graph\">{\"@context\":\"https:\\\/\\\/schema.org\",\"@graph\":[{\"@type\":\"Article\",\"@id\":\"https:\\\/\\\/www.armadamobility.nl\\\/de\\\/kameramasten-ns\\\/#article\",\"isPartOf\":{\"@id\":\"https:\\\/\\\/www.armadamobility.nl\\\/de\\\/kameramasten-ns\\\/\"},\"author\":{\"name\":\"admin\",\"@id\":\"https:\\\/\\\/www.armadamobility.nl\\\/#\\\/schema\\\/person\\\/6e2846b872fe70c830f09e69fabbb8ab\"},\"headline\":\"Kameramasten NS\",\"datePublished\":\"2025-01-17T10:50:22+00:00\",\"dateModified\":\"2025-03-05T09:15:43+00:00\",\"mainEntityOfPage\":{\"@id\":\"https:\\\/\\\/www.armadamobility.nl\\\/de\\\/kameramasten-ns\\\/\"},\"wordCount\":104,\"commentCount\":0,\"publisher\":{\"@id\":\"https:\\\/\\\/www.armadamobility.nl\\\/#organization\"},\"image\":{\"@id\":\"https:\\\/\\\/www.armadamobility.nl\\\/de\\\/kameramasten-ns\\\/#primaryimage\"},\"thumbnailUrl\":\"https:\\\/\\\/www.armadamobility.nl\\\/wp-content\\\/uploads\\\/2025\\\/03\\\/3.jpg\",\"articleSection\":[\"Unkategorisiert\"],\"inLanguage\":\"de\",\"potentialAction\":[{\"@type\":\"CommentAction\",\"name\":\"Comment\",\"target\":[\"https:\\\/\\\/www.armadamobility.nl\\\/de\\\/kameramasten-ns\\\/#respond\"]}]},{\"@type\":\"WebPage\",\"@id\":\"https:\\\/\\\/www.armadamobility.nl\\\/de\\\/kameramasten-ns\\\/\",\"url\":\"https:\\\/\\\/www.armadamobility.nl\\\/de\\\/kameramasten-ns\\\/\",\"name\":\"Kameramasten NS | Armada Mobility\",\"isPartOf\":{\"@id\":\"https:\\\/\\\/www.armadamobility.nl\\\/#website\"},\"primaryImageOfPage\":{\"@id\":\"https:\\\/\\\/www.armadamobility.nl\\\/de\\\/kameramasten-ns\\\/#primaryimage\"},\"image\":{\"@id\":\"https:\\\/\\\/www.armadamobility.nl\\\/de\\\/kameramasten-ns\\\/#primaryimage\"},\"thumbnailUrl\":\"https:\\\/\\\/www.armadamobility.nl\\\/wp-content\\\/uploads\\\/2025\\\/03\\\/3.jpg\",\"datePublished\":\"2025-01-17T10:50:22+00:00\",\"dateModified\":\"2025-03-05T09:15:43+00:00\",\"breadcrumb\":{\"@id\":\"https:\\\/\\\/www.armadamobility.nl\\\/de\\\/kameramasten-ns\\\/#breadcrumb\"},\"inLanguage\":\"de\",\"potentialAction\":[{\"@type\":\"ReadAction\",\"target\":[\"https:\\\/\\\/www.armadamobility.nl\\\/de\\\/kameramasten-ns\\\/\"]}]},{\"@type\":\"ImageObject\",\"inLanguage\":\"de\",\"@id\":\"https:\\\/\\\/www.armadamobility.nl\\\/de\\\/kameramasten-ns\\\/#primaryimage\",\"url\":\"https:\\\/\\\/www.armadamobility.nl\\\/wp-content\\\/uploads\\\/2025\\\/03\\\/3.jpg\",\"contentUrl\":\"https:\\\/\\\/www.armadamobility.nl\\\/wp-content\\\/uploads\\\/2025\\\/03\\\/3.jpg\",\"width\":1800,\"height\":1201},{\"@type\":\"BreadcrumbList\",\"@id\":\"https:\\\/\\\/www.armadamobility.nl\\\/de\\\/kameramasten-ns\\\/#breadcrumb\",\"itemListElement\":[{\"@type\":\"ListItem\",\"position\":1,\"name\":\"Home\",\"item\":\"https:\\\/\\\/www.armadamobility.nl\\\/\"},{\"@type\":\"ListItem\",\"position\":2,\"name\":\"Kameramasten NS\"}]},{\"@type\":\"WebSite\",\"@id\":\"https:\\\/\\\/www.armadamobility.nl\\\/#website\",\"url\":\"https:\\\/\\\/www.armadamobility.nl\\\/\",\"name\":\"Armada Mobility\",\"description\":\"Openbare voorzieningen &amp; Rail-Infra\",\"publisher\":{\"@id\":\"https:\\\/\\\/www.armadamobility.nl\\\/#organization\"},\"potentialAction\":[{\"@type\":\"SearchAction\",\"target\":{\"@type\":\"EntryPoint\",\"urlTemplate\":\"https:\\\/\\\/www.armadamobility.nl\\\/?s={search_term_string}\"},\"query-input\":{\"@type\":\"PropertyValueSpecification\",\"valueRequired\":true,\"valueName\":\"search_term_string\"}}],\"inLanguage\":\"de\"},{\"@type\":\"Organization\",\"@id\":\"https:\\\/\\\/www.armadamobility.nl\\\/#organization\",\"name\":\"Armada Mobility B.V.\",\"url\":\"https:\\\/\\\/www.armadamobility.nl\\\/\",\"logo\":{\"@type\":\"ImageObject\",\"inLanguage\":\"de\",\"@id\":\"https:\\\/\\\/www.armadamobility.nl\\\/#\\\/schema\\\/logo\\\/image\\\/\",\"url\":\"https:\\\/\\\/www.armadamobility.nl\\\/wp-content\\\/uploads\\\/2024\\\/09\\\/Logo-armada-mobility.svg\",\"contentUrl\":\"https:\\\/\\\/www.armadamobility.nl\\\/wp-content\\\/uploads\\\/2024\\\/09\\\/Logo-armada-mobility.svg\",\"width\":1699.5,\"height\":303.8,\"caption\":\"Armada Mobility B.V.\"},\"image\":{\"@id\":\"https:\\\/\\\/www.armadamobility.nl\\\/#\\\/schema\\\/logo\\\/image\\\/\"}},{\"@type\":\"Person\",\"@id\":\"https:\\\/\\\/www.armadamobility.nl\\\/#\\\/schema\\\/person\\\/6e2846b872fe70c830f09e69fabbb8ab\",\"name\":\"admin\",\"image\":{\"@type\":\"ImageObject\",\"inLanguage\":\"de\",\"@id\":\"https:\\\/\\\/secure.gravatar.com\\\/avatar\\\/89678fd4d80d07bdbb88e12e8c74a03abf959cfcef5c09cd39965681874e4cae?s=96&d=mm&r=g\",\"url\":\"https:\\\/\\\/secure.gravatar.com\\\/avatar\\\/89678fd4d80d07bdbb88e12e8c74a03abf959cfcef5c09cd39965681874e4cae?s=96&d=mm&r=g\",\"contentUrl\":\"https:\\\/\\\/secure.gravatar.com\\\/avatar\\\/89678fd4d80d07bdbb88e12e8c74a03abf959cfcef5c09cd39965681874e4cae?s=96&d=mm&r=g\",\"caption\":\"admin\"},\"sameAs\":[\"https:\\\/\\\/www.armadamobility.nl\"],\"url\":\"https:\\\/\\\/www.armadamobility.nl\\\/de\\\/author\\\/admin\\\/\"}]}<\/script>\n<!-- \/ Yoast SEO plugin. -->","yoast_head_json":{"title":"Kameramasten NS | Armada Mobility","robots":{"index":"index","follow":"follow","max-snippet":"max-snippet:-1","max-image-preview":"max-image-preview:large","max-video-preview":"max-video-preview:-1"},"canonical":"https:\/\/www.armadamobility.nl\/de\/kameramasten-ns\/","og_locale":"de_DE","og_type":"article","og_title":"Kameramasten NS | Armada Mobility","og_description":"Beitrag zur digitalen Zuginspektion Wir sind zufrieden mit dem wesentlichen Beitrag, den wir zum Digitalisierungsprojekt der Zuginspektionen leisten durften. Wir haben Masten und Plattformen geliefert, die zur effizienteren Durchf\u00fchrung von 48-Stunden-Inspektionen beitragen. Dank dieser Innovation kann die NS nun mit digitalen Zuginspektionen beginnen, was zur Optimierung der Wartung und zur Erh\u00f6hung der Zuverl\u00e4ssigkeit des Schienennetzes [&hellip;]","og_url":"https:\/\/www.armadamobility.nl\/de\/kameramasten-ns\/","og_site_name":"Armada Mobility","article_published_time":"2025-01-17T10:50:22+00:00","article_modified_time":"2025-03-05T09:15:43+00:00","og_image":[{"width":1440,"height":721,"url":"https:\/\/www.armadamobility.nl\/wp-content\/uploads\/2024\/09\/hero.jpg","type":"image\/jpeg"}],"author":"admin","twitter_card":"summary_large_image","twitter_misc":{"Verfasst von":"admin","Gesch\u00e4tzte Lesezeit":"1\u00a0Minute"},"schema":{"@context":"https:\/\/schema.org","@graph":[{"@type":"Article","@id":"https:\/\/www.armadamobility.nl\/de\/kameramasten-ns\/#article","isPartOf":{"@id":"https:\/\/www.armadamobility.nl\/de\/kameramasten-ns\/"},"author":{"name":"admin","@id":"https:\/\/www.armadamobility.nl\/#\/schema\/person\/6e2846b872fe70c830f09e69fabbb8ab"},"headline":"Kameramasten NS","datePublished":"2025-01-17T10:50:22+00:00","dateModified":"2025-03-05T09:15:43+00:00","mainEntityOfPage":{"@id":"https:\/\/www.armadamobility.nl\/de\/kameramasten-ns\/"},"wordCount":104,"commentCount":0,"publisher":{"@id":"https:\/\/www.armadamobility.nl\/#organization"},"image":{"@id":"https:\/\/www.armadamobility.nl\/de\/kameramasten-ns\/#primaryimage"},"thumbnailUrl":"https:\/\/www.armadamobility.nl\/wp-content\/uploads\/2025\/03\/3.jpg","articleSection":["Unkategorisiert"],"inLanguage":"de","potentialAction":[{"@type":"CommentAction","name":"Comment","target":["https:\/\/www.armadamobility.nl\/de\/kameramasten-ns\/#respond"]}]},{"@type":"WebPage","@id":"https:\/\/www.armadamobility.nl\/de\/kameramasten-ns\/","url":"https:\/\/www.armadamobility.nl\/de\/kameramasten-ns\/","name":"Kameramasten NS | Armada Mobility","isPartOf":{"@id":"https:\/\/www.armadamobility.nl\/#website"},"primaryImageOfPage":{"@id":"https:\/\/www.armadamobility.nl\/de\/kameramasten-ns\/#primaryimage"},"image":{"@id":"https:\/\/www.armadamobility.nl\/de\/kameramasten-ns\/#primaryimage"},"thumbnailUrl":"https:\/\/www.armadamobility.nl\/wp-content\/uploads\/2025\/03\/3.jpg","datePublished":"2025-01-17T10:50:22+00:00","dateModified":"2025-03-05T09:15:43+00:00","breadcrumb":{"@id":"https:\/\/www.armadamobility.nl\/de\/kameramasten-ns\/#breadcrumb"},"inLanguage":"de","potentialAction":[{"@type":"ReadAction","target":["https:\/\/www.armadamobility.nl\/de\/kameramasten-ns\/"]}]},{"@type":"ImageObject","inLanguage":"de","@id":"https:\/\/www.armadamobility.nl\/de\/kameramasten-ns\/#primaryimage","url":"https:\/\/www.armadamobility.nl\/wp-content\/uploads\/2025\/03\/3.jpg","contentUrl":"https:\/\/www.armadamobility.nl\/wp-content\/uploads\/2025\/03\/3.jpg","width":1800,"height":1201},{"@type":"BreadcrumbList","@id":"https:\/\/www.armadamobility.nl\/de\/kameramasten-ns\/#breadcrumb","itemListElement":[{"@type":"ListItem","position":1,"name":"Home","item":"https:\/\/www.armadamobility.nl\/"},{"@type":"ListItem","position":2,"name":"Kameramasten NS"}]},{"@type":"WebSite","@id":"https:\/\/www.armadamobility.nl\/#website","url":"https:\/\/www.armadamobility.nl\/","name":"Armada Mobility","description":"Openbare voorzieningen &amp; Rail-Infra","publisher":{"@id":"https:\/\/www.armadamobility.nl\/#organization"},"potentialAction":[{"@type":"SearchAction","target":{"@type":"EntryPoint","urlTemplate":"https:\/\/www.armadamobility.nl\/?s={search_term_string}"},"query-input":{"@type":"PropertyValueSpecification","valueRequired":true,"valueName":"search_term_string"}}],"inLanguage":"de"},{"@type":"Organization","@id":"https:\/\/www.armadamobility.nl\/#organization","name":"Armada Mobility B.V.","url":"https:\/\/www.armadamobility.nl\/","logo":{"@type":"ImageObject","inLanguage":"de","@id":"https:\/\/www.armadamobility.nl\/#\/schema\/logo\/image\/","url":"https:\/\/www.armadamobility.nl\/wp-content\/uploads\/2024\/09\/Logo-armada-mobility.svg","contentUrl":"https:\/\/www.armadamobility.nl\/wp-content\/uploads\/2024\/09\/Logo-armada-mobility.svg","width":1699.5,"height":303.8,"caption":"Armada Mobility B.V."},"image":{"@id":"https:\/\/www.armadamobility.nl\/#\/schema\/logo\/image\/"}},{"@type":"Person","@id":"https:\/\/www.armadamobility.nl\/#\/schema\/person\/6e2846b872fe70c830f09e69fabbb8ab","name":"admin","image":{"@type":"ImageObject","inLanguage":"de","@id":"https:\/\/secure.gravatar.com\/avatar\/89678fd4d80d07bdbb88e12e8c74a03abf959cfcef5c09cd39965681874e4cae?s=96&d=mm&r=g","url":"https:\/\/secure.gravatar.com\/avatar\/89678fd4d80d07bdbb88e12e8c74a03abf959cfcef5c09cd39965681874e4cae?s=96&d=mm&r=g","contentUrl":"https:\/\/secure.gravatar.com\/avatar\/89678fd4d80d07bdbb88e12e8c74a03abf959cfcef5c09cd39965681874e4cae?s=96&d=mm&r=g","caption":"admin"},"sameAs":["https:\/\/www.armadamobility.nl"],"url":"https:\/\/www.armadamobility.nl\/de\/author\/admin\/"}]}},"_links":{"self":[{"href":"https:\/\/www.armadamobility.nl\/de\/wp-json\/wp\/v2\/posts\/4896","targetHints":{"allow":["GET"]}}],"collection":[{"href":"https:\/\/www.armadamobility.nl\/de\/wp-json\/wp\/v2\/posts"}],"about":[{"href":"https:\/\/www.armadamobility.nl\/de\/wp-json\/wp\/v2\/types\/post"}],"author":[{"embeddable":true,"href":"https:\/\/www.armadamobility.nl\/de\/wp-json\/wp\/v2\/users\/1"}],"replies":[{"embeddable":true,"href":"https:\/\/www.armadamobility.nl\/de\/wp-json\/wp\/v2\/comments?post=4896"}],"version-history":[{"count":4,"href":"https:\/\/www.armadamobility.nl\/de\/wp-json\/wp\/v2\/posts\/4896\/revisions"}],"predecessor-version":[{"id":5460,"href":"https:\/\/www.armadamobility.nl\/de\/wp-json\/wp\/v2\/posts\/4896\/revisions\/5460"}],"wp:featuredmedia":[{"embeddable":true,"href":"https:\/\/www.armadamobility.nl\/de\/wp-json\/wp\/v2\/media\/5973"}],"wp:attachment":[{"href":"https:\/\/www.armadamobility.nl\/de\/wp-json\/wp\/v2\/media?parent=4896"}],"wp:term":[{"taxonomy":"category","embeddable":true,"href":"https:\/\/www.armadamobility.nl\/de\/wp-json\/wp\/v2\/categories?post=4896"},{"taxonomy":"post_tag","embeddable":true,"href":"https:\/\/www.armadamobility.nl\/de\/wp-json\/wp\/v2\/tags?post=4896"}],"curies":[{"name":"wp","href":"https:\/\/api.w.org\/{rel}","templated":true}]}}